{"id":2507,"date":"2022-06-07T21:57:49","date_gmt":"2022-06-07T19:57:49","guid":{"rendered":"https:\/\/avecchristine.fr\/?p=2507"},"modified":"2022-06-07T22:05:12","modified_gmt":"2022-06-07T20:05:12","slug":"ne-laisser-personne-sur-le-cote-priorite-1-1-de-la-feuille-de-route-2030-de-la-france","status":"publish","type":"post","link":"https:\/\/avecchristine.fr\/?p=2507","title":{"rendered":"\u00ab\u00a0Ne laisser personne sur le c\u00f4t\u00e9\u00a0\u00bb priorit\u00e9 1-1 de la feuille de route 2030 de la France"},"content":{"rendered":"\n<figure class=\"wp-block-gallery has-nested-images columns-default is-cropped wp-block-gallery-1 is-layout-flex wp-block-gallery-is-layout-flex\">\n<figure class=\"wp-block-image size-large\"><img loading=\"lazy\" decoding=\"async\" width=\"1024\" height=\"768\" data-id=\"2511\" src=\"https:\/\/avecchristine.fr\/wp-content\/uploads\/2022\/06\/1IMG_3922-1-1024x768.jpg\" alt=\"\" class=\"wp-image-2511\" srcset=\"https:\/\/avecchristine.fr\/wp-content\/uploads\/2022\/06\/1IMG_3922-1-1024x768.jpg 1024w, https:\/\/avecchristine.fr\/wp-content\/uploads\/2022\/06\/1IMG_3922-1-300x225.jpg 300w, https:\/\/avecchristine.fr\/wp-content\/uploads\/2022\/06\/1IMG_3922-1-768x576.jpg 768w, https:\/\/avecchristine.fr\/wp-content\/uploads\/2022\/06\/1IMG_3922-1-1536x1152.jpg 1536w, https:\/\/avecchristine.fr\/wp-content\/uploads\/2022\/06\/1IMG_3922-1-2048x1536.jpg 2048w, https:\/\/avecchristine.fr\/wp-content\/uploads\/2022\/06\/1IMG_3922-1-1568x1176.jpg 1568w\" sizes=\"auto, (max-width: 1024px) 100vw, 1024px\" \/><\/figure>\n\n\n\n<figure class=\"wp-block-image size-large\"><img loading=\"lazy\" decoding=\"async\" width=\"768\" height=\"1024\" data-id=\"2510\" src=\"https:\/\/avecchristine.fr\/wp-content\/uploads\/2022\/06\/2IMG_3921-768x1024.jpg\" alt=\"\" class=\"wp-image-2510\" srcset=\"https:\/\/avecchristine.fr\/wp-content\/uploads\/2022\/06\/2IMG_3921-768x1024.jpg 768w, https:\/\/avecchristine.fr\/wp-content\/uploads\/2022\/06\/2IMG_3921-225x300.jpg 225w, https:\/\/avecchristine.fr\/wp-content\/uploads\/2022\/06\/2IMG_3921-1152x1536.jpg 1152w, https:\/\/avecchristine.fr\/wp-content\/uploads\/2022\/06\/2IMG_3921-1536x2048.jpg 1536w, https:\/\/avecchristine.fr\/wp-content\/uploads\/2022\/06\/2IMG_3921-1568x2091.jpg 1568w, https:\/\/avecchristine.fr\/wp-content\/uploads\/2022\/06\/2IMG_3921-scaled.jpg 1920w\" sizes=\"auto, (max-width: 768px) 100vw, 768px\" \/><\/figure>\n\n\n\n<figure class=\"wp-block-image size-large\"><img loading=\"lazy\" decoding=\"async\" width=\"768\" height=\"1024\" data-id=\"2508\" src=\"https:\/\/avecchristine.fr\/wp-content\/uploads\/2022\/06\/IMG_3914-768x1024.jpg\" alt=\"\" class=\"wp-image-2508\" srcset=\"https:\/\/avecchristine.fr\/wp-content\/uploads\/2022\/06\/IMG_3914-768x1024.jpg 768w, https:\/\/avecchristine.fr\/wp-content\/uploads\/2022\/06\/IMG_3914-225x300.jpg 225w, https:\/\/avecchristine.fr\/wp-content\/uploads\/2022\/06\/IMG_3914-1152x1536.jpg 1152w, https:\/\/avecchristine.fr\/wp-content\/uploads\/2022\/06\/IMG_3914-1536x2048.jpg 1536w, https:\/\/avecchristine.fr\/wp-content\/uploads\/2022\/06\/IMG_3914-1568x2091.jpg 1568w, https:\/\/avecchristine.fr\/wp-content\/uploads\/2022\/06\/IMG_3914-scaled.jpg 1920w\" sizes=\"auto, (max-width: 768px) 100vw, 768px\" \/><\/figure>\n<\/figure>\n\n\n\n<pre class=\"wp-block-verse\">Ce dimanche matin, rencontre avec Yacine, un jeune de 24 ans qui me dit qu'il est \"perdu\". Qu'il ne trouve pas de travail malgr\u00e9 des tonnes de recherches et qu'il doit bien vivre... Que c'est d\u00e9j\u00e0 fichu pour lui et pour beaucoup d'autres...\nCe type de paroles, dans nos quartiers et dans d'autres, je l'ai d\u00e9j\u00e0 entendu de nombreuses fois lors de mes actions citoyennes et cela me fend toujours autant le coeur.  Une illustration de la v\u00e9racit\u00e9 des \u00e9crits du livre \"La voix de la cit\u00e9\" (L'Harmattan).\nTout l'int\u00e9r\u00eat de \"Ensemble, refaire soci\u00e9t\u00e9\", intention affich\u00e9e du \"festival citoyen de la place Clichy\" o\u00f9 l'information, la culture et les arts \u00e9taient dans la rue. \nJe me suis m\u00eame essay\u00e9e \u00e0 l'un d'entre eux, dans une ambiance festive, gr\u00e2ce \u00e0 Estelle de Tutti et de la fanfare clandestine @championnet-asso.fr.\n#legislatives2022 #circo7503 #christinemichalet2022<\/pre>\n","protected":false},"excerpt":{"rendered":"<p>Ce dimanche matin, rencontre avec Yacine, un jeune de 24 ans qui me dit qu&rsquo;il est \u00ab\u00a0perdu\u00a0\u00bb. Qu&rsquo;il ne trouve pas de travail malgr\u00e9 des tonnes de recherches et qu&rsquo;il doit bien vivre&#8230; Que c&rsquo;est d\u00e9j\u00e0 fichu pour lui et pour beaucoup d&rsquo;autres&#8230; Ce type de paroles, dans nos quartiers et dans d&rsquo;autres, je l&rsquo;ai&hellip; <a class=\"more-link\" href=\"https:\/\/avecchristine.fr\/?p=2507\">Poursuivre la lecture <span class=\"screen-reader-text\">\u00ab\u00a0Ne laisser personne sur le c\u00f4t\u00e9\u00a0\u00bb priorit\u00e9 1-1 de la feuille de route 2030 de la France<\/span><\/a><\/p>\n","protected":false},"author":13,"featured_media":2510,"comment_status":"closed","ping_status":"closed","sticky":false,"template":"","format":"standard","meta":{"footnotes":""},"categories":[8],"tags":[],"class_list":["post-2507","post","type-post","status-publish","format-standard","has-post-thumbnail","hentry","category-blog-quitterie-de-villepin","entry"],"yoast_head":"<!-- This site is optimized with the Yoast SEO plugin v27.5 - https:\/\/yoast.com\/product\/yoast-seo-wordpress\/ -->\n<title>&quot;Ne laisser personne sur le c\u00f4t\u00e9&quot; priorit\u00e9 1-1 de la feuille de route 2030 de la France - Avec christine<\/title>\n<meta name=\"robots\" content=\"index, follow, max-snippet:-1, max-image-preview:large, max-video-preview:-1\" \/>\n<link rel=\"canonical\" href=\"https:\/\/avecchristine.fr\/?p=2507\" \/>\n<meta property=\"og:locale\" content=\"fr_FR\" \/>\n<meta property=\"og:type\" content=\"article\" \/>\n<meta property=\"og:title\" content=\"&quot;Ne laisser personne sur le c\u00f4t\u00e9&quot; priorit\u00e9 1-1 de la feuille de route 2030 de la France - Avec christine\" \/>\n<meta property=\"og:description\" content=\"Ce dimanche matin, rencontre avec Yacine, un jeune de 24 ans qui me dit qu&#039;il est &quot;perdu&quot;. Qu&#039;il ne trouve pas de travail malgr\u00e9 des tonnes de recherches et qu&#039;il doit bien vivre... Que c&#039;est d\u00e9j\u00e0 fichu pour lui et pour beaucoup d&#039;autres... Ce type de paroles, dans nos quartiers et dans d&#039;autres, je l&#039;ai&hellip; Poursuivre la lecture \u00ab\u00a0Ne laisser personne sur le c\u00f4t\u00e9\u00a0\u00bb priorit\u00e9 1-1 de la feuille de route 2030 de la France\" \/>\n<meta property=\"og:url\" content=\"https:\/\/avecchristine.fr\/?p=2507\" \/>\n<meta property=\"og:site_name\" content=\"Avec christine\" \/>\n<meta property=\"article:publisher\" content=\"https:\/\/www.facebook.com\/QuitteriedeVillepin\/\" \/>\n<meta property=\"article:published_time\" content=\"2022-06-07T19:57:49+00:00\" \/>\n<meta property=\"article:modified_time\" content=\"2022-06-07T20:05:12+00:00\" \/>\n<meta property=\"og:image\" content=\"https:\/\/avecchristine.fr\/wp-content\/uploads\/2022\/06\/2IMG_3921-scaled.jpg\" \/>\n\t<meta property=\"og:image:width\" content=\"1920\" \/>\n\t<meta property=\"og:image:height\" content=\"2560\" \/>\n\t<meta property=\"og:image:type\" content=\"image\/jpeg\" \/>\n<meta name=\"author\" content=\"esoya\" \/>\n<meta name=\"twitter:card\" content=\"summary_large_image\" \/>\n<meta name=\"twitter:creator\" content=\"@Quitt3rie\" \/>\n<meta name=\"twitter:site\" content=\"@Quitt3rie\" \/>\n<meta name=\"twitter:label1\" content=\"\u00c9crit par\" \/>\n\t<meta name=\"twitter:data1\" content=\"esoya\" \/>\n\t<meta name=\"twitter:label2\" content=\"Dur\u00e9e de lecture estim\u00e9e\" \/>\n\t<meta name=\"twitter:data2\" content=\"2 minutes\" \/>\n<script type=\"application\/ld+json\" class=\"yoast-schema-graph\">{\"@context\":\"https:\\\/\\\/schema.org\",\"@graph\":[{\"@type\":\"Article\",\"@id\":\"https:\\\/\\\/avecchristine.fr\\\/?p=2507#article\",\"isPartOf\":{\"@id\":\"https:\\\/\\\/avecchristine.fr\\\/?p=2507\"},\"author\":{\"name\":\"esoya\",\"@id\":\"https:\\\/\\\/avecchristine.fr\\\/#\\\/schema\\\/person\\\/315fbb2727910e6ea21ce4848a9c052b\"},\"headline\":\"\u00ab\u00a0Ne laisser personne sur le c\u00f4t\u00e9\u00a0\u00bb priorit\u00e9 1-1 de la feuille de route 2030 de la France\",\"datePublished\":\"2022-06-07T19:57:49+00:00\",\"dateModified\":\"2022-06-07T20:05:12+00:00\",\"mainEntityOfPage\":{\"@id\":\"https:\\\/\\\/avecchristine.fr\\\/?p=2507\"},\"wordCount\":17,\"image\":{\"@id\":\"https:\\\/\\\/avecchristine.fr\\\/?p=2507#primaryimage\"},\"thumbnailUrl\":\"https:\\\/\\\/avecchristine.fr\\\/wp-content\\\/uploads\\\/2022\\\/06\\\/2IMG_3921-scaled.jpg\",\"articleSection\":[\"Blog de campagne\"],\"inLanguage\":\"fr-FR\"},{\"@type\":\"WebPage\",\"@id\":\"https:\\\/\\\/avecchristine.fr\\\/?p=2507\",\"url\":\"https:\\\/\\\/avecchristine.fr\\\/?p=2507\",\"name\":\"\\\"Ne laisser personne sur le c\u00f4t\u00e9\\\" priorit\u00e9 1-1 de la feuille de route 2030 de la France - Avec christine\",\"isPartOf\":{\"@id\":\"https:\\\/\\\/avecchristine.fr\\\/#website\"},\"primaryImageOfPage\":{\"@id\":\"https:\\\/\\\/avecchristine.fr\\\/?p=2507#primaryimage\"},\"image\":{\"@id\":\"https:\\\/\\\/avecchristine.fr\\\/?p=2507#primaryimage\"},\"thumbnailUrl\":\"https:\\\/\\\/avecchristine.fr\\\/wp-content\\\/uploads\\\/2022\\\/06\\\/2IMG_3921-scaled.jpg\",\"datePublished\":\"2022-06-07T19:57:49+00:00\",\"dateModified\":\"2022-06-07T20:05:12+00:00\",\"author\":{\"@id\":\"https:\\\/\\\/avecchristine.fr\\\/#\\\/schema\\\/person\\\/315fbb2727910e6ea21ce4848a9c052b\"},\"breadcrumb\":{\"@id\":\"https:\\\/\\\/avecchristine.fr\\\/?p=2507#breadcrumb\"},\"inLanguage\":\"fr-FR\",\"potentialAction\":[{\"@type\":\"ReadAction\",\"target\":[\"https:\\\/\\\/avecchristine.fr\\\/?p=2507\"]}]},{\"@type\":\"ImageObject\",\"inLanguage\":\"fr-FR\",\"@id\":\"https:\\\/\\\/avecchristine.fr\\\/?p=2507#primaryimage\",\"url\":\"https:\\\/\\\/avecchristine.fr\\\/wp-content\\\/uploads\\\/2022\\\/06\\\/2IMG_3921-scaled.jpg\",\"contentUrl\":\"https:\\\/\\\/avecchristine.fr\\\/wp-content\\\/uploads\\\/2022\\\/06\\\/2IMG_3921-scaled.jpg\",\"width\":1920,\"height\":2560},{\"@type\":\"BreadcrumbList\",\"@id\":\"https:\\\/\\\/avecchristine.fr\\\/?p=2507#breadcrumb\",\"itemListElement\":[{\"@type\":\"ListItem\",\"position\":1,\"name\":\"Accueil\",\"item\":\"https:\\\/\\\/avecchristine.fr\\\/\"},{\"@type\":\"ListItem\",\"position\":2,\"name\":\"\u00ab\u00a0Ne laisser personne sur le c\u00f4t\u00e9\u00a0\u00bb priorit\u00e9 1-1 de la feuille de route 2030 de la France\"}]},{\"@type\":\"WebSite\",\"@id\":\"https:\\\/\\\/avecchristine.fr\\\/#website\",\"url\":\"https:\\\/\\\/avecchristine.fr\\\/\",\"name\":\"Avec christine\",\"description\":\"Et si on y allait\",\"potentialAction\":[{\"@type\":\"SearchAction\",\"target\":{\"@type\":\"EntryPoint\",\"urlTemplate\":\"https:\\\/\\\/avecchristine.fr\\\/?s={search_term_string}\"},\"query-input\":{\"@type\":\"PropertyValueSpecification\",\"valueRequired\":true,\"valueName\":\"search_term_string\"}}],\"inLanguage\":\"fr-FR\"},{\"@type\":\"Person\",\"@id\":\"https:\\\/\\\/avecchristine.fr\\\/#\\\/schema\\\/person\\\/315fbb2727910e6ea21ce4848a9c052b\",\"name\":\"esoya\",\"url\":\"https:\\\/\\\/avecchristine.fr\\\/?author=13\"}]}<\/script>\n<!-- \/ Yoast SEO plugin. -->","yoast_head_json":{"title":"\"Ne laisser personne sur le c\u00f4t\u00e9\" priorit\u00e9 1-1 de la feuille de route 2030 de la France - Avec christine","robots":{"index":"index","follow":"follow","max-snippet":"max-snippet:-1","max-image-preview":"max-image-preview:large","max-video-preview":"max-video-preview:-1"},"canonical":"https:\/\/avecchristine.fr\/?p=2507","og_locale":"fr_FR","og_type":"article","og_title":"\"Ne laisser personne sur le c\u00f4t\u00e9\" priorit\u00e9 1-1 de la feuille de route 2030 de la France - Avec christine","og_description":"Ce dimanche matin, rencontre avec Yacine, un jeune de 24 ans qui me dit qu'il est \"perdu\". Qu'il ne trouve pas de travail malgr\u00e9 des tonnes de recherches et qu'il doit bien vivre... Que c'est d\u00e9j\u00e0 fichu pour lui et pour beaucoup d'autres... Ce type de paroles, dans nos quartiers et dans d'autres, je l'ai&hellip; Poursuivre la lecture \u00ab\u00a0Ne laisser personne sur le c\u00f4t\u00e9\u00a0\u00bb priorit\u00e9 1-1 de la feuille de route 2030 de la France","og_url":"https:\/\/avecchristine.fr\/?p=2507","og_site_name":"Avec christine","article_publisher":"https:\/\/www.facebook.com\/QuitteriedeVillepin\/","article_published_time":"2022-06-07T19:57:49+00:00","article_modified_time":"2022-06-07T20:05:12+00:00","og_image":[{"width":1920,"height":2560,"url":"https:\/\/avecchristine.fr\/wp-content\/uploads\/2022\/06\/2IMG_3921-scaled.jpg","type":"image\/jpeg"}],"author":"esoya","twitter_card":"summary_large_image","twitter_creator":"@Quitt3rie","twitter_site":"@Quitt3rie","twitter_misc":{"\u00c9crit par":"esoya","Dur\u00e9e de lecture estim\u00e9e":"2 minutes"},"schema":{"@context":"https:\/\/schema.org","@graph":[{"@type":"Article","@id":"https:\/\/avecchristine.fr\/?p=2507#article","isPartOf":{"@id":"https:\/\/avecchristine.fr\/?p=2507"},"author":{"name":"esoya","@id":"https:\/\/avecchristine.fr\/#\/schema\/person\/315fbb2727910e6ea21ce4848a9c052b"},"headline":"\u00ab\u00a0Ne laisser personne sur le c\u00f4t\u00e9\u00a0\u00bb priorit\u00e9 1-1 de la feuille de route 2030 de la France","datePublished":"2022-06-07T19:57:49+00:00","dateModified":"2022-06-07T20:05:12+00:00","mainEntityOfPage":{"@id":"https:\/\/avecchristine.fr\/?p=2507"},"wordCount":17,"image":{"@id":"https:\/\/avecchristine.fr\/?p=2507#primaryimage"},"thumbnailUrl":"https:\/\/avecchristine.fr\/wp-content\/uploads\/2022\/06\/2IMG_3921-scaled.jpg","articleSection":["Blog de campagne"],"inLanguage":"fr-FR"},{"@type":"WebPage","@id":"https:\/\/avecchristine.fr\/?p=2507","url":"https:\/\/avecchristine.fr\/?p=2507","name":"\"Ne laisser personne sur le c\u00f4t\u00e9\" priorit\u00e9 1-1 de la feuille de route 2030 de la France - Avec christine","isPartOf":{"@id":"https:\/\/avecchristine.fr\/#website"},"primaryImageOfPage":{"@id":"https:\/\/avecchristine.fr\/?p=2507#primaryimage"},"image":{"@id":"https:\/\/avecchristine.fr\/?p=2507#primaryimage"},"thumbnailUrl":"https:\/\/avecchristine.fr\/wp-content\/uploads\/2022\/06\/2IMG_3921-scaled.jpg","datePublished":"2022-06-07T19:57:49+00:00","dateModified":"2022-06-07T20:05:12+00:00","author":{"@id":"https:\/\/avecchristine.fr\/#\/schema\/person\/315fbb2727910e6ea21ce4848a9c052b"},"breadcrumb":{"@id":"https:\/\/avecchristine.fr\/?p=2507#breadcrumb"},"inLanguage":"fr-FR","potentialAction":[{"@type":"ReadAction","target":["https:\/\/avecchristine.fr\/?p=2507"]}]},{"@type":"ImageObject","inLanguage":"fr-FR","@id":"https:\/\/avecchristine.fr\/?p=2507#primaryimage","url":"https:\/\/avecchristine.fr\/wp-content\/uploads\/2022\/06\/2IMG_3921-scaled.jpg","contentUrl":"https:\/\/avecchristine.fr\/wp-content\/uploads\/2022\/06\/2IMG_3921-scaled.jpg","width":1920,"height":2560},{"@type":"BreadcrumbList","@id":"https:\/\/avecchristine.fr\/?p=2507#breadcrumb","itemListElement":[{"@type":"ListItem","position":1,"name":"Accueil","item":"https:\/\/avecchristine.fr\/"},{"@type":"ListItem","position":2,"name":"\u00ab\u00a0Ne laisser personne sur le c\u00f4t\u00e9\u00a0\u00bb priorit\u00e9 1-1 de la feuille de route 2030 de la France"}]},{"@type":"WebSite","@id":"https:\/\/avecchristine.fr\/#website","url":"https:\/\/avecchristine.fr\/","name":"Avec christine","description":"Et si on y allait","potentialAction":[{"@type":"SearchAction","target":{"@type":"EntryPoint","urlTemplate":"https:\/\/avecchristine.fr\/?s={search_term_string}"},"query-input":{"@type":"PropertyValueSpecification","valueRequired":true,"valueName":"search_term_string"}}],"inLanguage":"fr-FR"},{"@type":"Person","@id":"https:\/\/avecchristine.fr\/#\/schema\/person\/315fbb2727910e6ea21ce4848a9c052b","name":"esoya","url":"https:\/\/avecchristine.fr\/?author=13"}]}},"_links":{"self":[{"href":"https:\/\/avecchristine.fr\/index.php?rest_route=\/wp\/v2\/posts\/2507","targetHints":{"allow":["GET"]}}],"collection":[{"href":"https:\/\/avecchristine.fr\/index.php?rest_route=\/wp\/v2\/posts"}],"about":[{"href":"https:\/\/avecchristine.fr\/index.php?rest_route=\/wp\/v2\/types\/post"}],"author":[{"embeddable":true,"href":"https:\/\/avecchristine.fr\/index.php?rest_route=\/wp\/v2\/users\/13"}],"replies":[{"embeddable":true,"href":"https:\/\/avecchristine.fr\/index.php?rest_route=%2Fwp%2Fv2%2Fcomments&post=2507"}],"version-history":[{"count":2,"href":"https:\/\/avecchristine.fr\/index.php?rest_route=\/wp\/v2\/posts\/2507\/revisions"}],"predecessor-version":[{"id":2513,"href":"https:\/\/avecchristine.fr\/index.php?rest_route=\/wp\/v2\/posts\/2507\/revisions\/2513"}],"wp:featuredmedia":[{"embeddable":true,"href":"https:\/\/avecchristine.fr\/index.php?rest_route=\/wp\/v2\/media\/2510"}],"wp:attachment":[{"href":"https:\/\/avecchristine.fr\/index.php?rest_route=%2Fwp%2Fv2%2Fmedia&parent=2507"}],"wp:term":[{"taxonomy":"category","embeddable":true,"href":"https:\/\/avecchristine.fr\/index.php?rest_route=%2Fwp%2Fv2%2Fcategories&post=2507"},{"taxonomy":"post_tag","embeddable":true,"href":"https:\/\/avecchristine.fr\/index.php?rest_route=%2Fwp%2Fv2%2Ftags&post=2507"}],"curies":[{"name":"wp","href":"https:\/\/api.w.org\/{rel}","templated":true}]}}