{"id":2469,"date":"2022-06-02T22:32:40","date_gmt":"2022-06-02T20:32:40","guid":{"rendered":"https:\/\/avecchristine.fr\/?p=2469"},"modified":"2022-06-02T22:32:42","modified_gmt":"2022-06-02T20:32:42","slug":"au-coeur-des-epinettes","status":"publish","type":"post","link":"https:\/\/avecchristine.fr\/?p=2469","title":{"rendered":"Au coeur des \u00e9pinettes"},"content":{"rendered":"\n<p>Ce samedi encore une action altruiste par l&rsquo;association \u00ab\u00a0le coeur des \u00e9pinettes\u00a0\u00bb \u00e0 laquelle les habitantes et habitants ont r\u00e9pondu pr\u00e9sents. Saloua, Karima et les autres dames de coeur sous la houlette d&rsquo;Amel ont r\u00e9uni nombre de dons. Encore bravo et merci!<\/p>\n\n\n\n<p><a href=\"https:\/\/www.facebook.com\/hashtag\/legislatives2022?__eep__=6&amp;__cft__[0]=AZXv6iYtJiMMnYajIBHmoNmIa4y7OcCqnFHLkHZajNYyidDI8g4vVs0njHwwCVYbKMn-pM5U8Qd-jYh1viR-dDYUZx_RNbDycseR8DHE-CtxO87MaDlFPNKoZ4hbNGzBgplPmjz5JuRBab7hFTPGHyQ8oFBOUbW2nYlCGrnMZ1lByg&amp;__tn__=*NK-R\">#legislatives2022<\/a><a href=\"https:\/\/www.facebook.com\/hashtag\/circo7503?__eep__=6&amp;__cft__[0]=AZXv6iYtJiMMnYajIBHmoNmIa4y7OcCqnFHLkHZajNYyidDI8g4vVs0njHwwCVYbKMn-pM5U8Qd-jYh1viR-dDYUZx_RNbDycseR8DHE-CtxO87MaDlFPNKoZ4hbNGzBgplPmjz5JuRBab7hFTPGHyQ8oFBOUbW2nYlCGrnMZ1lByg&amp;__tn__=*NK-R\">#circo7503<\/a><a href=\"https:\/\/www.facebook.com\/hashtag\/christinemichalet2022?__eep__=6&amp;__cft__[0]=AZXv6iYtJiMMnYajIBHmoNmIa4y7OcCqnFHLkHZajNYyidDI8g4vVs0njHwwCVYbKMn-pM5U8Qd-jYh1viR-dDYUZx_RNbDycseR8DHE-CtxO87MaDlFPNKoZ4hbNGzBgplPmjz5JuRBab7hFTPGHyQ8oFBOUbW2nYlCGrnMZ1lByg&amp;__tn__=*NK-R\">#christinemichalet2022<\/a><\/p>\n","protected":false},"excerpt":{"rendered":"<p>Ce samedi encore une action altruiste par l&rsquo;association \u00ab\u00a0le coeur des \u00e9pinettes\u00a0\u00bb \u00e0 laquelle les habitantes et habitants ont r\u00e9pondu pr\u00e9sents. Saloua, Karima et les autres dames de coeur sous la houlette d&rsquo;Amel ont r\u00e9uni nombre de dons. Encore bravo et merci! #legislatives2022#circo7503#christinemichalet2022<\/p>\n","protected":false},"author":13,"featured_media":2470,"comment_status":"closed","ping_status":"closed","sticky":false,"template":"","format":"standard","meta":{"footnotes":""},"categories":[8],"tags":[],"class_list":["post-2469","post","type-post","status-publish","format-standard","has-post-thumbnail","hentry","category-blog-quitterie-de-villepin","entry"],"yoast_head":"<!-- This site is optimized with the Yoast SEO plugin v27.5 - https:\/\/yoast.com\/product\/yoast-seo-wordpress\/ -->\n<title>Au coeur des \u00e9pinettes - Avec christine<\/title>\n<meta name=\"robots\" content=\"index, follow, max-snippet:-1, max-image-preview:large, max-video-preview:-1\" \/>\n<link rel=\"canonical\" href=\"https:\/\/avecchristine.fr\/?p=2469\" \/>\n<meta property=\"og:locale\" content=\"fr_FR\" \/>\n<meta property=\"og:type\" content=\"article\" \/>\n<meta property=\"og:title\" content=\"Au coeur des \u00e9pinettes - Avec christine\" \/>\n<meta property=\"og:description\" content=\"Ce samedi encore une action altruiste par l&rsquo;association \u00ab\u00a0le coeur des \u00e9pinettes\u00a0\u00bb \u00e0 laquelle les habitantes et habitants ont r\u00e9pondu pr\u00e9sents. Saloua, Karima et les autres dames de coeur sous la houlette d&rsquo;Amel ont r\u00e9uni nombre de dons. Encore bravo et merci! #legislatives2022#circo7503#christinemichalet2022\" \/>\n<meta property=\"og:url\" content=\"https:\/\/avecchristine.fr\/?p=2469\" \/>\n<meta property=\"og:site_name\" content=\"Avec christine\" \/>\n<meta property=\"article:publisher\" content=\"https:\/\/www.facebook.com\/QuitteriedeVillepin\/\" \/>\n<meta property=\"article:published_time\" content=\"2022-06-02T20:32:40+00:00\" \/>\n<meta property=\"article:modified_time\" content=\"2022-06-02T20:32:42+00:00\" \/>\n<meta property=\"og:image\" content=\"https:\/\/avecchristine.fr\/wp-content\/uploads\/2022\/06\/IMG_3860-scaled.jpg\" \/>\n\t<meta property=\"og:image:width\" content=\"2560\" \/>\n\t<meta property=\"og:image:height\" content=\"1920\" \/>\n\t<meta property=\"og:image:type\" content=\"image\/jpeg\" \/>\n<meta name=\"author\" content=\"esoya\" \/>\n<meta name=\"twitter:card\" content=\"summary_large_image\" \/>\n<meta name=\"twitter:creator\" content=\"@Quitt3rie\" \/>\n<meta name=\"twitter:site\" content=\"@Quitt3rie\" \/>\n<meta name=\"twitter:label1\" content=\"\u00c9crit par\" \/>\n\t<meta name=\"twitter:data1\" content=\"esoya\" \/>\n\t<meta name=\"twitter:label2\" content=\"Dur\u00e9e de lecture estim\u00e9e\" \/>\n\t<meta name=\"twitter:data2\" content=\"1 minute\" \/>\n<script type=\"application\/ld+json\" class=\"yoast-schema-graph\">{\"@context\":\"https:\\\/\\\/schema.org\",\"@graph\":[{\"@type\":\"Article\",\"@id\":\"https:\\\/\\\/avecchristine.fr\\\/?p=2469#article\",\"isPartOf\":{\"@id\":\"https:\\\/\\\/avecchristine.fr\\\/?p=2469\"},\"author\":{\"name\":\"esoya\",\"@id\":\"https:\\\/\\\/avecchristine.fr\\\/#\\\/schema\\\/person\\\/315fbb2727910e6ea21ce4848a9c052b\"},\"headline\":\"Au coeur des \u00e9pinettes\",\"datePublished\":\"2022-06-02T20:32:40+00:00\",\"dateModified\":\"2022-06-02T20:32:42+00:00\",\"mainEntityOfPage\":{\"@id\":\"https:\\\/\\\/avecchristine.fr\\\/?p=2469\"},\"wordCount\":51,\"image\":{\"@id\":\"https:\\\/\\\/avecchristine.fr\\\/?p=2469#primaryimage\"},\"thumbnailUrl\":\"https:\\\/\\\/avecchristine.fr\\\/wp-content\\\/uploads\\\/2022\\\/06\\\/IMG_3860-scaled.jpg\",\"articleSection\":[\"Blog de campagne\"],\"inLanguage\":\"fr-FR\"},{\"@type\":\"WebPage\",\"@id\":\"https:\\\/\\\/avecchristine.fr\\\/?p=2469\",\"url\":\"https:\\\/\\\/avecchristine.fr\\\/?p=2469\",\"name\":\"Au coeur des \u00e9pinettes - Avec christine\",\"isPartOf\":{\"@id\":\"https:\\\/\\\/avecchristine.fr\\\/#website\"},\"primaryImageOfPage\":{\"@id\":\"https:\\\/\\\/avecchristine.fr\\\/?p=2469#primaryimage\"},\"image\":{\"@id\":\"https:\\\/\\\/avecchristine.fr\\\/?p=2469#primaryimage\"},\"thumbnailUrl\":\"https:\\\/\\\/avecchristine.fr\\\/wp-content\\\/uploads\\\/2022\\\/06\\\/IMG_3860-scaled.jpg\",\"datePublished\":\"2022-06-02T20:32:40+00:00\",\"dateModified\":\"2022-06-02T20:32:42+00:00\",\"author\":{\"@id\":\"https:\\\/\\\/avecchristine.fr\\\/#\\\/schema\\\/person\\\/315fbb2727910e6ea21ce4848a9c052b\"},\"breadcrumb\":{\"@id\":\"https:\\\/\\\/avecchristine.fr\\\/?p=2469#breadcrumb\"},\"inLanguage\":\"fr-FR\",\"potentialAction\":[{\"@type\":\"ReadAction\",\"target\":[\"https:\\\/\\\/avecchristine.fr\\\/?p=2469\"]}]},{\"@type\":\"ImageObject\",\"inLanguage\":\"fr-FR\",\"@id\":\"https:\\\/\\\/avecchristine.fr\\\/?p=2469#primaryimage\",\"url\":\"https:\\\/\\\/avecchristine.fr\\\/wp-content\\\/uploads\\\/2022\\\/06\\\/IMG_3860-scaled.jpg\",\"contentUrl\":\"https:\\\/\\\/avecchristine.fr\\\/wp-content\\\/uploads\\\/2022\\\/06\\\/IMG_3860-scaled.jpg\",\"width\":2560,\"height\":1920},{\"@type\":\"BreadcrumbList\",\"@id\":\"https:\\\/\\\/avecchristine.fr\\\/?p=2469#breadcrumb\",\"itemListElement\":[{\"@type\":\"ListItem\",\"position\":1,\"name\":\"Accueil\",\"item\":\"https:\\\/\\\/avecchristine.fr\\\/\"},{\"@type\":\"ListItem\",\"position\":2,\"name\":\"Au coeur des \u00e9pinettes\"}]},{\"@type\":\"WebSite\",\"@id\":\"https:\\\/\\\/avecchristine.fr\\\/#website\",\"url\":\"https:\\\/\\\/avecchristine.fr\\\/\",\"name\":\"Avec christine\",\"description\":\"Et si on y allait\",\"potentialAction\":[{\"@type\":\"SearchAction\",\"target\":{\"@type\":\"EntryPoint\",\"urlTemplate\":\"https:\\\/\\\/avecchristine.fr\\\/?s={search_term_string}\"},\"query-input\":{\"@type\":\"PropertyValueSpecification\",\"valueRequired\":true,\"valueName\":\"search_term_string\"}}],\"inLanguage\":\"fr-FR\"},{\"@type\":\"Person\",\"@id\":\"https:\\\/\\\/avecchristine.fr\\\/#\\\/schema\\\/person\\\/315fbb2727910e6ea21ce4848a9c052b\",\"name\":\"esoya\",\"url\":\"https:\\\/\\\/avecchristine.fr\\\/?author=13\"}]}<\/script>\n<!-- \/ Yoast SEO plugin. -->","yoast_head_json":{"title":"Au coeur des \u00e9pinettes - Avec christine","robots":{"index":"index","follow":"follow","max-snippet":"max-snippet:-1","max-image-preview":"max-image-preview:large","max-video-preview":"max-video-preview:-1"},"canonical":"https:\/\/avecchristine.fr\/?p=2469","og_locale":"fr_FR","og_type":"article","og_title":"Au coeur des \u00e9pinettes - Avec christine","og_description":"Ce samedi encore une action altruiste par l&rsquo;association \u00ab\u00a0le coeur des \u00e9pinettes\u00a0\u00bb \u00e0 laquelle les habitantes et habitants ont r\u00e9pondu pr\u00e9sents. Saloua, Karima et les autres dames de coeur sous la houlette d&rsquo;Amel ont r\u00e9uni nombre de dons. Encore bravo et merci! #legislatives2022#circo7503#christinemichalet2022","og_url":"https:\/\/avecchristine.fr\/?p=2469","og_site_name":"Avec christine","article_publisher":"https:\/\/www.facebook.com\/QuitteriedeVillepin\/","article_published_time":"2022-06-02T20:32:40+00:00","article_modified_time":"2022-06-02T20:32:42+00:00","og_image":[{"width":2560,"height":1920,"url":"https:\/\/avecchristine.fr\/wp-content\/uploads\/2022\/06\/IMG_3860-scaled.jpg","type":"image\/jpeg"}],"author":"esoya","twitter_card":"summary_large_image","twitter_creator":"@Quitt3rie","twitter_site":"@Quitt3rie","twitter_misc":{"\u00c9crit par":"esoya","Dur\u00e9e de lecture estim\u00e9e":"1 minute"},"schema":{"@context":"https:\/\/schema.org","@graph":[{"@type":"Article","@id":"https:\/\/avecchristine.fr\/?p=2469#article","isPartOf":{"@id":"https:\/\/avecchristine.fr\/?p=2469"},"author":{"name":"esoya","@id":"https:\/\/avecchristine.fr\/#\/schema\/person\/315fbb2727910e6ea21ce4848a9c052b"},"headline":"Au coeur des \u00e9pinettes","datePublished":"2022-06-02T20:32:40+00:00","dateModified":"2022-06-02T20:32:42+00:00","mainEntityOfPage":{"@id":"https:\/\/avecchristine.fr\/?p=2469"},"wordCount":51,"image":{"@id":"https:\/\/avecchristine.fr\/?p=2469#primaryimage"},"thumbnailUrl":"https:\/\/avecchristine.fr\/wp-content\/uploads\/2022\/06\/IMG_3860-scaled.jpg","articleSection":["Blog de campagne"],"inLanguage":"fr-FR"},{"@type":"WebPage","@id":"https:\/\/avecchristine.fr\/?p=2469","url":"https:\/\/avecchristine.fr\/?p=2469","name":"Au coeur des \u00e9pinettes - Avec christine","isPartOf":{"@id":"https:\/\/avecchristine.fr\/#website"},"primaryImageOfPage":{"@id":"https:\/\/avecchristine.fr\/?p=2469#primaryimage"},"image":{"@id":"https:\/\/avecchristine.fr\/?p=2469#primaryimage"},"thumbnailUrl":"https:\/\/avecchristine.fr\/wp-content\/uploads\/2022\/06\/IMG_3860-scaled.jpg","datePublished":"2022-06-02T20:32:40+00:00","dateModified":"2022-06-02T20:32:42+00:00","author":{"@id":"https:\/\/avecchristine.fr\/#\/schema\/person\/315fbb2727910e6ea21ce4848a9c052b"},"breadcrumb":{"@id":"https:\/\/avecchristine.fr\/?p=2469#breadcrumb"},"inLanguage":"fr-FR","potentialAction":[{"@type":"ReadAction","target":["https:\/\/avecchristine.fr\/?p=2469"]}]},{"@type":"ImageObject","inLanguage":"fr-FR","@id":"https:\/\/avecchristine.fr\/?p=2469#primaryimage","url":"https:\/\/avecchristine.fr\/wp-content\/uploads\/2022\/06\/IMG_3860-scaled.jpg","contentUrl":"https:\/\/avecchristine.fr\/wp-content\/uploads\/2022\/06\/IMG_3860-scaled.jpg","width":2560,"height":1920},{"@type":"BreadcrumbList","@id":"https:\/\/avecchristine.fr\/?p=2469#breadcrumb","itemListElement":[{"@type":"ListItem","position":1,"name":"Accueil","item":"https:\/\/avecchristine.fr\/"},{"@type":"ListItem","position":2,"name":"Au coeur des \u00e9pinettes"}]},{"@type":"WebSite","@id":"https:\/\/avecchristine.fr\/#website","url":"https:\/\/avecchristine.fr\/","name":"Avec christine","description":"Et si on y allait","potentialAction":[{"@type":"SearchAction","target":{"@type":"EntryPoint","urlTemplate":"https:\/\/avecchristine.fr\/?s={search_term_string}"},"query-input":{"@type":"PropertyValueSpecification","valueRequired":true,"valueName":"search_term_string"}}],"inLanguage":"fr-FR"},{"@type":"Person","@id":"https:\/\/avecchristine.fr\/#\/schema\/person\/315fbb2727910e6ea21ce4848a9c052b","name":"esoya","url":"https:\/\/avecchristine.fr\/?author=13"}]}},"_links":{"self":[{"href":"https:\/\/avecchristine.fr\/index.php?rest_route=\/wp\/v2\/posts\/2469","targetHints":{"allow":["GET"]}}],"collection":[{"href":"https:\/\/avecchristine.fr\/index.php?rest_route=\/wp\/v2\/posts"}],"about":[{"href":"https:\/\/avecchristine.fr\/index.php?rest_route=\/wp\/v2\/types\/post"}],"author":[{"embeddable":true,"href":"https:\/\/avecchristine.fr\/index.php?rest_route=\/wp\/v2\/users\/13"}],"replies":[{"embeddable":true,"href":"https:\/\/avecchristine.fr\/index.php?rest_route=%2Fwp%2Fv2%2Fcomments&post=2469"}],"version-history":[{"count":2,"href":"https:\/\/avecchristine.fr\/index.php?rest_route=\/wp\/v2\/posts\/2469\/revisions"}],"predecessor-version":[{"id":2472,"href":"https:\/\/avecchristine.fr\/index.php?rest_route=\/wp\/v2\/posts\/2469\/revisions\/2472"}],"wp:featuredmedia":[{"embeddable":true,"href":"https:\/\/avecchristine.fr\/index.php?rest_route=\/wp\/v2\/media\/2470"}],"wp:attachment":[{"href":"https:\/\/avecchristine.fr\/index.php?rest_route=%2Fwp%2Fv2%2Fmedia&parent=2469"}],"wp:term":[{"taxonomy":"category","embeddable":true,"href":"https:\/\/avecchristine.fr\/index.php?rest_route=%2Fwp%2Fv2%2Fcategories&post=2469"},{"taxonomy":"post_tag","embeddable":true,"href":"https:\/\/avecchristine.fr\/index.php?rest_route=%2Fwp%2Fv2%2Ftags&post=2469"}],"curies":[{"name":"wp","href":"https:\/\/api.w.org\/{rel}","templated":true}]}}