{"id":2459,"date":"2022-06-01T09:38:28","date_gmt":"2022-06-01T07:38:28","guid":{"rendered":"https:\/\/avecchristine.fr\/?p=2459"},"modified":"2022-06-02T22:40:24","modified_gmt":"2022-06-02T20:40:24","slug":"agenda-de-rencontres","status":"publish","type":"post","link":"https:\/\/avecchristine.fr\/?p=2459","title":{"rendered":"Agenda de rencontres"},"content":{"rendered":"\n<figure class=\"wp-block-image size-large\"><img loading=\"lazy\" decoding=\"async\" width=\"576\" height=\"1024\" src=\"https:\/\/avecchristine.fr\/wp-content\/uploads\/2022\/06\/Reunions2_page-0001-576x1024.jpg\" alt=\"\" class=\"wp-image-2460\" srcset=\"https:\/\/avecchristine.fr\/wp-content\/uploads\/2022\/06\/Reunions2_page-0001-576x1024.jpg 576w, https:\/\/avecchristine.fr\/wp-content\/uploads\/2022\/06\/Reunions2_page-0001-169x300.jpg 169w, https:\/\/avecchristine.fr\/wp-content\/uploads\/2022\/06\/Reunions2_page-0001-768x1365.jpg 768w, https:\/\/avecchristine.fr\/wp-content\/uploads\/2022\/06\/Reunions2_page-0001-864x1536.jpg 864w, https:\/\/avecchristine.fr\/wp-content\/uploads\/2022\/06\/Reunions2_page-0001.jpg 1125w\" sizes=\"auto, (max-width: 576px) 100vw, 576px\" \/><\/figure>\n\n\n\n<p>Suite aux autorisations <strong>Presence confirm\u00e9e samedi 4 \u00e0 14h30 au Parc Bois Le pr\u00eatre face au 5<\/strong> <strong>rue Bois Le Pr\u00eatre<\/strong><\/p>\n","protected":false},"excerpt":{"rendered":"<p>Suite aux autorisations Presence confirm\u00e9e samedi 4 \u00e0 14h30 au Parc Bois Le pr\u00eatre face au 5 rue Bois Le Pr\u00eatre<\/p>\n","protected":false},"author":13,"featured_media":2461,"comment_status":"closed","ping_status":"closed","sticky":false,"template":"","format":"standard","meta":{"footnotes":""},"categories":[8],"tags":[],"class_list":["post-2459","post","type-post","status-publish","format-standard","has-post-thumbnail","hentry","category-blog-quitterie-de-villepin","entry"],"yoast_head":"<!-- This site is optimized with the Yoast SEO plugin v27.5 - https:\/\/yoast.com\/product\/yoast-seo-wordpress\/ -->\n<title>Agenda de rencontres - Avec christine<\/title>\n<meta name=\"robots\" content=\"index, follow, max-snippet:-1, max-image-preview:large, max-video-preview:-1\" \/>\n<link rel=\"canonical\" href=\"https:\/\/avecchristine.fr\/?p=2459\" \/>\n<meta property=\"og:locale\" content=\"fr_FR\" \/>\n<meta property=\"og:type\" content=\"article\" \/>\n<meta property=\"og:title\" content=\"Agenda de rencontres - Avec christine\" \/>\n<meta property=\"og:description\" content=\"Suite aux autorisations Presence confirm\u00e9e samedi 4 \u00e0 14h30 au Parc Bois Le pr\u00eatre face au 5 rue Bois Le Pr\u00eatre\" \/>\n<meta property=\"og:url\" content=\"https:\/\/avecchristine.fr\/?p=2459\" \/>\n<meta property=\"og:site_name\" content=\"Avec christine\" \/>\n<meta property=\"article:publisher\" content=\"https:\/\/www.facebook.com\/QuitteriedeVillepin\/\" \/>\n<meta property=\"article:published_time\" content=\"2022-06-01T07:38:28+00:00\" \/>\n<meta property=\"article:modified_time\" content=\"2022-06-02T20:40:24+00:00\" \/>\n<meta property=\"og:image\" content=\"https:\/\/avecchristine.fr\/wp-content\/uploads\/2022\/06\/Reunions2_page-0001-1.jpg\" \/>\n\t<meta property=\"og:image:width\" content=\"1125\" \/>\n\t<meta property=\"og:image:height\" content=\"2000\" \/>\n\t<meta property=\"og:image:type\" content=\"image\/jpeg\" \/>\n<meta name=\"author\" content=\"esoya\" \/>\n<meta name=\"twitter:card\" content=\"summary_large_image\" \/>\n<meta name=\"twitter:creator\" content=\"@Quitt3rie\" \/>\n<meta name=\"twitter:site\" content=\"@Quitt3rie\" \/>\n<meta name=\"twitter:label1\" content=\"\u00c9crit par\" \/>\n\t<meta name=\"twitter:data1\" content=\"esoya\" \/>\n\t<meta name=\"twitter:label2\" content=\"Dur\u00e9e de lecture estim\u00e9e\" \/>\n\t<meta name=\"twitter:data2\" content=\"1 minute\" \/>\n<script type=\"application\/ld+json\" class=\"yoast-schema-graph\">{\"@context\":\"https:\\\/\\\/schema.org\",\"@graph\":[{\"@type\":\"Article\",\"@id\":\"https:\\\/\\\/avecchristine.fr\\\/?p=2459#article\",\"isPartOf\":{\"@id\":\"https:\\\/\\\/avecchristine.fr\\\/?p=2459\"},\"author\":{\"name\":\"esoya\",\"@id\":\"https:\\\/\\\/avecchristine.fr\\\/#\\\/schema\\\/person\\\/315fbb2727910e6ea21ce4848a9c052b\"},\"headline\":\"Agenda de rencontres\",\"datePublished\":\"2022-06-01T07:38:28+00:00\",\"dateModified\":\"2022-06-02T20:40:24+00:00\",\"mainEntityOfPage\":{\"@id\":\"https:\\\/\\\/avecchristine.fr\\\/?p=2459\"},\"wordCount\":24,\"image\":{\"@id\":\"https:\\\/\\\/avecchristine.fr\\\/?p=2459#primaryimage\"},\"thumbnailUrl\":\"https:\\\/\\\/avecchristine.fr\\\/wp-content\\\/uploads\\\/2022\\\/06\\\/Reunions2_page-0001-1.jpg\",\"articleSection\":[\"Blog de campagne\"],\"inLanguage\":\"fr-FR\"},{\"@type\":\"WebPage\",\"@id\":\"https:\\\/\\\/avecchristine.fr\\\/?p=2459\",\"url\":\"https:\\\/\\\/avecchristine.fr\\\/?p=2459\",\"name\":\"Agenda de rencontres - Avec christine\",\"isPartOf\":{\"@id\":\"https:\\\/\\\/avecchristine.fr\\\/#website\"},\"primaryImageOfPage\":{\"@id\":\"https:\\\/\\\/avecchristine.fr\\\/?p=2459#primaryimage\"},\"image\":{\"@id\":\"https:\\\/\\\/avecchristine.fr\\\/?p=2459#primaryimage\"},\"thumbnailUrl\":\"https:\\\/\\\/avecchristine.fr\\\/wp-content\\\/uploads\\\/2022\\\/06\\\/Reunions2_page-0001-1.jpg\",\"datePublished\":\"2022-06-01T07:38:28+00:00\",\"dateModified\":\"2022-06-02T20:40:24+00:00\",\"author\":{\"@id\":\"https:\\\/\\\/avecchristine.fr\\\/#\\\/schema\\\/person\\\/315fbb2727910e6ea21ce4848a9c052b\"},\"breadcrumb\":{\"@id\":\"https:\\\/\\\/avecchristine.fr\\\/?p=2459#breadcrumb\"},\"inLanguage\":\"fr-FR\",\"potentialAction\":[{\"@type\":\"ReadAction\",\"target\":[\"https:\\\/\\\/avecchristine.fr\\\/?p=2459\"]}]},{\"@type\":\"ImageObject\",\"inLanguage\":\"fr-FR\",\"@id\":\"https:\\\/\\\/avecchristine.fr\\\/?p=2459#primaryimage\",\"url\":\"https:\\\/\\\/avecchristine.fr\\\/wp-content\\\/uploads\\\/2022\\\/06\\\/Reunions2_page-0001-1.jpg\",\"contentUrl\":\"https:\\\/\\\/avecchristine.fr\\\/wp-content\\\/uploads\\\/2022\\\/06\\\/Reunions2_page-0001-1.jpg\",\"width\":1125,\"height\":2000},{\"@type\":\"BreadcrumbList\",\"@id\":\"https:\\\/\\\/avecchristine.fr\\\/?p=2459#breadcrumb\",\"itemListElement\":[{\"@type\":\"ListItem\",\"position\":1,\"name\":\"Accueil\",\"item\":\"https:\\\/\\\/avecchristine.fr\\\/\"},{\"@type\":\"ListItem\",\"position\":2,\"name\":\"Agenda de rencontres\"}]},{\"@type\":\"WebSite\",\"@id\":\"https:\\\/\\\/avecchristine.fr\\\/#website\",\"url\":\"https:\\\/\\\/avecchristine.fr\\\/\",\"name\":\"Avec christine\",\"description\":\"Et si on y allait\",\"potentialAction\":[{\"@type\":\"SearchAction\",\"target\":{\"@type\":\"EntryPoint\",\"urlTemplate\":\"https:\\\/\\\/avecchristine.fr\\\/?s={search_term_string}\"},\"query-input\":{\"@type\":\"PropertyValueSpecification\",\"valueRequired\":true,\"valueName\":\"search_term_string\"}}],\"inLanguage\":\"fr-FR\"},{\"@type\":\"Person\",\"@id\":\"https:\\\/\\\/avecchristine.fr\\\/#\\\/schema\\\/person\\\/315fbb2727910e6ea21ce4848a9c052b\",\"name\":\"esoya\",\"url\":\"https:\\\/\\\/avecchristine.fr\\\/?author=13\"}]}<\/script>\n<!-- \/ Yoast SEO plugin. -->","yoast_head_json":{"title":"Agenda de rencontres - Avec christine","robots":{"index":"index","follow":"follow","max-snippet":"max-snippet:-1","max-image-preview":"max-image-preview:large","max-video-preview":"max-video-preview:-1"},"canonical":"https:\/\/avecchristine.fr\/?p=2459","og_locale":"fr_FR","og_type":"article","og_title":"Agenda de rencontres - Avec christine","og_description":"Suite aux autorisations Presence confirm\u00e9e samedi 4 \u00e0 14h30 au Parc Bois Le pr\u00eatre face au 5 rue Bois Le Pr\u00eatre","og_url":"https:\/\/avecchristine.fr\/?p=2459","og_site_name":"Avec christine","article_publisher":"https:\/\/www.facebook.com\/QuitteriedeVillepin\/","article_published_time":"2022-06-01T07:38:28+00:00","article_modified_time":"2022-06-02T20:40:24+00:00","og_image":[{"width":1125,"height":2000,"url":"https:\/\/avecchristine.fr\/wp-content\/uploads\/2022\/06\/Reunions2_page-0001-1.jpg","type":"image\/jpeg"}],"author":"esoya","twitter_card":"summary_large_image","twitter_creator":"@Quitt3rie","twitter_site":"@Quitt3rie","twitter_misc":{"\u00c9crit par":"esoya","Dur\u00e9e de lecture estim\u00e9e":"1 minute"},"schema":{"@context":"https:\/\/schema.org","@graph":[{"@type":"Article","@id":"https:\/\/avecchristine.fr\/?p=2459#article","isPartOf":{"@id":"https:\/\/avecchristine.fr\/?p=2459"},"author":{"name":"esoya","@id":"https:\/\/avecchristine.fr\/#\/schema\/person\/315fbb2727910e6ea21ce4848a9c052b"},"headline":"Agenda de rencontres","datePublished":"2022-06-01T07:38:28+00:00","dateModified":"2022-06-02T20:40:24+00:00","mainEntityOfPage":{"@id":"https:\/\/avecchristine.fr\/?p=2459"},"wordCount":24,"image":{"@id":"https:\/\/avecchristine.fr\/?p=2459#primaryimage"},"thumbnailUrl":"https:\/\/avecchristine.fr\/wp-content\/uploads\/2022\/06\/Reunions2_page-0001-1.jpg","articleSection":["Blog de campagne"],"inLanguage":"fr-FR"},{"@type":"WebPage","@id":"https:\/\/avecchristine.fr\/?p=2459","url":"https:\/\/avecchristine.fr\/?p=2459","name":"Agenda de rencontres - Avec christine","isPartOf":{"@id":"https:\/\/avecchristine.fr\/#website"},"primaryImageOfPage":{"@id":"https:\/\/avecchristine.fr\/?p=2459#primaryimage"},"image":{"@id":"https:\/\/avecchristine.fr\/?p=2459#primaryimage"},"thumbnailUrl":"https:\/\/avecchristine.fr\/wp-content\/uploads\/2022\/06\/Reunions2_page-0001-1.jpg","datePublished":"2022-06-01T07:38:28+00:00","dateModified":"2022-06-02T20:40:24+00:00","author":{"@id":"https:\/\/avecchristine.fr\/#\/schema\/person\/315fbb2727910e6ea21ce4848a9c052b"},"breadcrumb":{"@id":"https:\/\/avecchristine.fr\/?p=2459#breadcrumb"},"inLanguage":"fr-FR","potentialAction":[{"@type":"ReadAction","target":["https:\/\/avecchristine.fr\/?p=2459"]}]},{"@type":"ImageObject","inLanguage":"fr-FR","@id":"https:\/\/avecchristine.fr\/?p=2459#primaryimage","url":"https:\/\/avecchristine.fr\/wp-content\/uploads\/2022\/06\/Reunions2_page-0001-1.jpg","contentUrl":"https:\/\/avecchristine.fr\/wp-content\/uploads\/2022\/06\/Reunions2_page-0001-1.jpg","width":1125,"height":2000},{"@type":"BreadcrumbList","@id":"https:\/\/avecchristine.fr\/?p=2459#breadcrumb","itemListElement":[{"@type":"ListItem","position":1,"name":"Accueil","item":"https:\/\/avecchristine.fr\/"},{"@type":"ListItem","position":2,"name":"Agenda de rencontres"}]},{"@type":"WebSite","@id":"https:\/\/avecchristine.fr\/#website","url":"https:\/\/avecchristine.fr\/","name":"Avec christine","description":"Et si on y allait","potentialAction":[{"@type":"SearchAction","target":{"@type":"EntryPoint","urlTemplate":"https:\/\/avecchristine.fr\/?s={search_term_string}"},"query-input":{"@type":"PropertyValueSpecification","valueRequired":true,"valueName":"search_term_string"}}],"inLanguage":"fr-FR"},{"@type":"Person","@id":"https:\/\/avecchristine.fr\/#\/schema\/person\/315fbb2727910e6ea21ce4848a9c052b","name":"esoya","url":"https:\/\/avecchristine.fr\/?author=13"}]}},"_links":{"self":[{"href":"https:\/\/avecchristine.fr\/index.php?rest_route=\/wp\/v2\/posts\/2459","targetHints":{"allow":["GET"]}}],"collection":[{"href":"https:\/\/avecchristine.fr\/index.php?rest_route=\/wp\/v2\/posts"}],"about":[{"href":"https:\/\/avecchristine.fr\/index.php?rest_route=\/wp\/v2\/types\/post"}],"author":[{"embeddable":true,"href":"https:\/\/avecchristine.fr\/index.php?rest_route=\/wp\/v2\/users\/13"}],"replies":[{"embeddable":true,"href":"https:\/\/avecchristine.fr\/index.php?rest_route=%2Fwp%2Fv2%2Fcomments&post=2459"}],"version-history":[{"count":2,"href":"https:\/\/avecchristine.fr\/index.php?rest_route=\/wp\/v2\/posts\/2459\/revisions"}],"predecessor-version":[{"id":2464,"href":"https:\/\/avecchristine.fr\/index.php?rest_route=\/wp\/v2\/posts\/2459\/revisions\/2464"}],"wp:featuredmedia":[{"embeddable":true,"href":"https:\/\/avecchristine.fr\/index.php?rest_route=\/wp\/v2\/media\/2461"}],"wp:attachment":[{"href":"https:\/\/avecchristine.fr\/index.php?rest_route=%2Fwp%2Fv2%2Fmedia&parent=2459"}],"wp:term":[{"taxonomy":"category","embeddable":true,"href":"https:\/\/avecchristine.fr\/index.php?rest_route=%2Fwp%2Fv2%2Fcategories&post=2459"},{"taxonomy":"post_tag","embeddable":true,"href":"https:\/\/avecchristine.fr\/index.php?rest_route=%2Fwp%2Fv2%2Ftags&post=2459"}],"curies":[{"name":"wp","href":"https:\/\/api.w.org\/{rel}","templated":true}]}}